{"id":4125,"date":"2024-05-21T21:16:25","date_gmt":"2024-05-22T01:16:25","guid":{"rendered":"https:\/\/onlinemagyariskola.com\/web\/?p=4125"},"modified":"2024-06-05T20:01:33","modified_gmt":"2024-06-06T00:01:33","slug":"15-eves-lett-az-online-magyar-iskola","status":"publish","type":"post","link":"https:\/\/onlinemagyariskola.com\/web\/blog\/15-eves-lett-az-online-magyar-iskola","title":{"rendered":"15 \u00e9ves lett az Online Magyar Iskola!"},"content":{"rendered":"\n<div class=\"wp-block-media-text is-stacked-on-mobile\" style=\"grid-template-columns:35% auto\"><figure class=\"wp-block-media-text__media\"><img loading=\"lazy\" decoding=\"async\" width=\"791\" height=\"1024\" src=\"https:\/\/onlinemagyariskola.com\/web\/wp-content\/uploads\/2024\/06\/Szuletesnapi-het-791x1024.png\" alt=\"\" class=\"wp-image-4219 size-full\" srcset=\"https:\/\/onlinemagyariskola.com\/web\/wp-content\/uploads\/2024\/06\/Szuletesnapi-het-791x1024.png 791w, https:\/\/onlinemagyariskola.com\/web\/wp-content\/uploads\/2024\/06\/Szuletesnapi-het-232x300.png 232w, https:\/\/onlinemagyariskola.com\/web\/wp-content\/uploads\/2024\/06\/Szuletesnapi-het-768x994.png 768w, https:\/\/onlinemagyariskola.com\/web\/wp-content\/uploads\/2024\/06\/Szuletesnapi-het-1187x1536.png 1187w, https:\/\/onlinemagyariskola.com\/web\/wp-content\/uploads\/2024\/06\/Szuletesnapi-het-1320x1709.png 1320w, https:\/\/onlinemagyariskola.com\/web\/wp-content\/uploads\/2024\/06\/Szuletesnapi-het.png 1545w\" sizes=\"auto, (max-width: 791px) 100vw, 791px\" \/><\/figure><div class=\"wp-block-media-text__content\">\n<p>Az Online Magyar Iskol\u00e1ban 2009. m\u00e1jus 21-\u00e9n tartottuk az els\u0151 online \u00f3r\u00e1kat, \u00edgy id\u00e9n \u00fcnnepelj\u00fck a 15. sz\u00fclet\u00e9snapunkat. Ebb\u0151l az alkalomb\u00f3l az utols\u00f3 hivatalos tan\u00edt\u00e1si h\u00e9ten (m\u00e1jus 12-18-ig) sz\u00fclinapi hetet tartottunk. Minden nap m\u00e1s \u00e9s m\u00e1s MAGYAROS tematika szerint k\u00e9sz\u00fclhettek a gyerekek.<\/p>\n\n\n\n<p>Fenn\u00e1ll\u00e1sunk \u00f3ta a vil\u00e1g \u00f6t kontinens\u00e9r\u0151l, \u00f6sszesen 48 orsz\u00e1gb\u00f3l voltak m\u00e1r tanul\u00f3ink. Egy digit\u00e1lis jubileumi \u00e9vk\u00f6nyvben foglaltuk \u00f6ssze, hogyan is gyarapodott iskol\u00e1nk az \u00e9vek sor\u00e1n \u00e9s hogy mennyi boldog eml\u00e9ket \u0151rz\u00fcnk di\u00e1kjainkr\u00f3l \u00e9s tan\u00e1rainkr\u00f3l.<\/p>\n<\/div><\/div>\n\n\n\n<p class=\"has-text-align-center\"><a href=\"https:\/\/www.youtube.com\/watch?v=YGcZdEZyulc\" target=\"_blank\" rel=\"noreferrer noopener\">JUBILEUMI \u00c9VK\u00d6NYV<\/a><\/p>\n\n\n\n<p>K\u00f6sz\u00f6nj\u00fck mindenkinek, aki hozz\u00e1j\u00e1rult az iskola sikeres m\u0171k\u00f6d\u00e9s\u00e9hez \u00e9s fejl\u0151d\u00e9s\u00e9hez az elm\u00falt 15 \u00e9v alatt!<\/p>\n","protected":false},"excerpt":{"rendered":"<p>Az Online Magyar Iskol\u00e1ban 2009. m\u00e1jus 21-\u00e9n tartottuk az els\u0151 [&hellip;]<\/p>\n","protected":false},"author":34,"featured_media":4127,"comment_status":"open","ping_status":"open","sticky":false,"template":"","format":"standard","meta":{"_exactmetrics_skip_tracking":false,"_exactmetrics_sitenote_active":false,"_exactmetrics_sitenote_note":"","_exactmetrics_sitenote_category":0,"footnotes":""},"categories":[1],"tags":[],"class_list":["post-4125","post","type-post","status-publish","format-standard","has-post-thumbnail","hentry","category-news"],"acf":[],"yoast_head":"<!-- This site is optimized with the Yoast SEO plugin v26.9 - https:\/\/yoast.com\/product\/yoast-seo-wordpress\/ -->\n<title>15 \u00e9ves lett az Online Magyar Iskola! - Online Magyar Iskola<\/title>\n<meta name=\"robots\" content=\"index, follow, max-snippet:-1, max-image-preview:large, max-video-preview:-1\" \/>\n<link rel=\"canonical\" href=\"https:\/\/onlinemagyariskola.com\/web\/blog\/15-eves-lett-az-online-magyar-iskola\" \/>\n<meta property=\"og:locale\" content=\"en_US\" \/>\n<meta property=\"og:type\" content=\"article\" \/>\n<meta property=\"og:title\" content=\"15 \u00e9ves lett az Online Magyar Iskola! - Online Magyar Iskola\" \/>\n<meta property=\"og:description\" content=\"Az Online Magyar Iskol\u00e1ban 2009. m\u00e1jus 21-\u00e9n tartottuk az els\u0151 [&hellip;]\" \/>\n<meta property=\"og:url\" content=\"https:\/\/onlinemagyariskola.com\/web\/blog\/15-eves-lett-az-online-magyar-iskola\" \/>\n<meta property=\"og:site_name\" content=\"Online Magyar Iskola\" \/>\n<meta property=\"article:published_time\" content=\"2024-05-22T01:16:25+00:00\" \/>\n<meta property=\"article:modified_time\" content=\"2024-06-06T00:01:33+00:00\" \/>\n<meta property=\"og:image\" content=\"https:\/\/onlinemagyariskola.com\/web\/wp-content\/uploads\/2024\/05\/1.jpg\" \/>\n\t<meta property=\"og:image:width\" content=\"1920\" \/>\n\t<meta property=\"og:image:height\" content=\"1080\" \/>\n\t<meta property=\"og:image:type\" content=\"image\/jpeg\" \/>\n<meta name=\"author\" content=\"Szonja Ollari-Homor\" \/>\n<meta name=\"twitter:card\" content=\"summary_large_image\" \/>\n<meta name=\"twitter:label1\" content=\"Written by\" \/>\n\t<meta name=\"twitter:data1\" content=\"Szonja Ollari-Homor\" \/>\n\t<meta name=\"twitter:label2\" content=\"Est. reading time\" \/>\n\t<meta name=\"twitter:data2\" content=\"1 minute\" \/>\n<script type=\"application\/ld+json\" class=\"yoast-schema-graph\">{\"@context\":\"https:\/\/schema.org\",\"@graph\":[{\"@type\":\"Article\",\"@id\":\"https:\/\/onlinemagyariskola.com\/web\/blog\/15-eves-lett-az-online-magyar-iskola#article\",\"isPartOf\":{\"@id\":\"https:\/\/onlinemagyariskola.com\/web\/blog\/15-eves-lett-az-online-magyar-iskola\"},\"author\":{\"name\":\"Szonja Ollari-Homor\",\"@id\":\"https:\/\/onlinemagyariskola.com\/web\/#\/schema\/person\/3a63b62405fd079fa87e0c469d1f4943\"},\"headline\":\"15 \u00e9ves lett az Online Magyar Iskola!\",\"datePublished\":\"2024-05-22T01:16:25+00:00\",\"dateModified\":\"2024-06-06T00:01:33+00:00\",\"mainEntityOfPage\":{\"@id\":\"https:\/\/onlinemagyariskola.com\/web\/blog\/15-eves-lett-az-online-magyar-iskola\"},\"wordCount\":148,\"commentCount\":0,\"image\":{\"@id\":\"https:\/\/onlinemagyariskola.com\/web\/blog\/15-eves-lett-az-online-magyar-iskola#primaryimage\"},\"thumbnailUrl\":\"https:\/\/onlinemagyariskola.com\/web\/wp-content\/uploads\/2024\/05\/1.jpg\",\"articleSection\":[\"Iskolai h\u00edrek\"],\"inLanguage\":\"en-US\",\"potentialAction\":[{\"@type\":\"CommentAction\",\"name\":\"Comment\",\"target\":[\"https:\/\/onlinemagyariskola.com\/web\/blog\/15-eves-lett-az-online-magyar-iskola#respond\"]}]},{\"@type\":\"WebPage\",\"@id\":\"https:\/\/onlinemagyariskola.com\/web\/blog\/15-eves-lett-az-online-magyar-iskola\",\"url\":\"https:\/\/onlinemagyariskola.com\/web\/blog\/15-eves-lett-az-online-magyar-iskola\",\"name\":\"15 \u00e9ves lett az Online Magyar Iskola! - Online Magyar Iskola\",\"isPartOf\":{\"@id\":\"https:\/\/onlinemagyariskola.com\/web\/#website\"},\"primaryImageOfPage\":{\"@id\":\"https:\/\/onlinemagyariskola.com\/web\/blog\/15-eves-lett-az-online-magyar-iskola#primaryimage\"},\"image\":{\"@id\":\"https:\/\/onlinemagyariskola.com\/web\/blog\/15-eves-lett-az-online-magyar-iskola#primaryimage\"},\"thumbnailUrl\":\"https:\/\/onlinemagyariskola.com\/web\/wp-content\/uploads\/2024\/05\/1.jpg\",\"datePublished\":\"2024-05-22T01:16:25+00:00\",\"dateModified\":\"2024-06-06T00:01:33+00:00\",\"author\":{\"@id\":\"https:\/\/onlinemagyariskola.com\/web\/#\/schema\/person\/3a63b62405fd079fa87e0c469d1f4943\"},\"breadcrumb\":{\"@id\":\"https:\/\/onlinemagyariskola.com\/web\/blog\/15-eves-lett-az-online-magyar-iskola#breadcrumb\"},\"inLanguage\":\"en-US\",\"potentialAction\":[{\"@type\":\"ReadAction\",\"target\":[\"https:\/\/onlinemagyariskola.com\/web\/blog\/15-eves-lett-az-online-magyar-iskola\"]}]},{\"@type\":\"ImageObject\",\"inLanguage\":\"en-US\",\"@id\":\"https:\/\/onlinemagyariskola.com\/web\/blog\/15-eves-lett-az-online-magyar-iskola#primaryimage\",\"url\":\"https:\/\/onlinemagyariskola.com\/web\/wp-content\/uploads\/2024\/05\/1.jpg\",\"contentUrl\":\"https:\/\/onlinemagyariskola.com\/web\/wp-content\/uploads\/2024\/05\/1.jpg\",\"width\":1920,\"height\":1080},{\"@type\":\"BreadcrumbList\",\"@id\":\"https:\/\/onlinemagyariskola.com\/web\/blog\/15-eves-lett-az-online-magyar-iskola#breadcrumb\",\"itemListElement\":[{\"@type\":\"ListItem\",\"position\":1,\"name\":\"Home\",\"item\":\"https:\/\/onlinemagyariskola.com\/web\/\"},{\"@type\":\"ListItem\",\"position\":2,\"name\":\"15 \u00e9ves lett az Online Magyar Iskola!\"}]},{\"@type\":\"WebSite\",\"@id\":\"https:\/\/onlinemagyariskola.com\/web\/#website\",\"url\":\"https:\/\/onlinemagyariskola.com\/web\/\",\"name\":\"Online Magyar Iskola\",\"description\":\"Your SUPER-powered WP Engine Blog\",\"potentialAction\":[{\"@type\":\"SearchAction\",\"target\":{\"@type\":\"EntryPoint\",\"urlTemplate\":\"https:\/\/onlinemagyariskola.com\/web\/?s={search_term_string}\"},\"query-input\":{\"@type\":\"PropertyValueSpecification\",\"valueRequired\":true,\"valueName\":\"search_term_string\"}}],\"inLanguage\":\"en-US\"},{\"@type\":\"Person\",\"@id\":\"https:\/\/onlinemagyariskola.com\/web\/#\/schema\/person\/3a63b62405fd079fa87e0c469d1f4943\",\"name\":\"Szonja Ollari-Homor\",\"image\":{\"@type\":\"ImageObject\",\"inLanguage\":\"en-US\",\"@id\":\"https:\/\/onlinemagyariskola.com\/web\/#\/schema\/person\/image\/\",\"url\":\"https:\/\/secure.gravatar.com\/avatar\/6c9f8a2389d6164b9ba622c45eb2b8029b5d047c9e16f90fe294163e7ee310e9?s=96&d=mm&r=g\",\"contentUrl\":\"https:\/\/secure.gravatar.com\/avatar\/6c9f8a2389d6164b9ba622c45eb2b8029b5d047c9e16f90fe294163e7ee310e9?s=96&d=mm&r=g\",\"caption\":\"Szonja Ollari-Homor\"},\"url\":\"https:\/\/onlinemagyariskola.com\/web\/blog\/author\/ollari-szonjaonlinemagyariskola-com\"}]}<\/script>\n<!-- \/ Yoast SEO plugin. -->","yoast_head_json":{"title":"15 \u00e9ves lett az Online Magyar Iskola! - Online Magyar Iskola","robots":{"index":"index","follow":"follow","max-snippet":"max-snippet:-1","max-image-preview":"max-image-preview:large","max-video-preview":"max-video-preview:-1"},"canonical":"https:\/\/onlinemagyariskola.com\/web\/blog\/15-eves-lett-az-online-magyar-iskola","og_locale":"en_US","og_type":"article","og_title":"15 \u00e9ves lett az Online Magyar Iskola! - Online Magyar Iskola","og_description":"Az Online Magyar Iskol\u00e1ban 2009. m\u00e1jus 21-\u00e9n tartottuk az els\u0151 [&hellip;]","og_url":"https:\/\/onlinemagyariskola.com\/web\/blog\/15-eves-lett-az-online-magyar-iskola","og_site_name":"Online Magyar Iskola","article_published_time":"2024-05-22T01:16:25+00:00","article_modified_time":"2024-06-06T00:01:33+00:00","og_image":[{"width":1920,"height":1080,"url":"https:\/\/onlinemagyariskola.com\/web\/wp-content\/uploads\/2024\/05\/1.jpg","type":"image\/jpeg"}],"author":"Szonja Ollari-Homor","twitter_card":"summary_large_image","twitter_misc":{"Written by":"Szonja Ollari-Homor","Est. reading time":"1 minute"},"schema":{"@context":"https:\/\/schema.org","@graph":[{"@type":"Article","@id":"https:\/\/onlinemagyariskola.com\/web\/blog\/15-eves-lett-az-online-magyar-iskola#article","isPartOf":{"@id":"https:\/\/onlinemagyariskola.com\/web\/blog\/15-eves-lett-az-online-magyar-iskola"},"author":{"name":"Szonja Ollari-Homor","@id":"https:\/\/onlinemagyariskola.com\/web\/#\/schema\/person\/3a63b62405fd079fa87e0c469d1f4943"},"headline":"15 \u00e9ves lett az Online Magyar Iskola!","datePublished":"2024-05-22T01:16:25+00:00","dateModified":"2024-06-06T00:01:33+00:00","mainEntityOfPage":{"@id":"https:\/\/onlinemagyariskola.com\/web\/blog\/15-eves-lett-az-online-magyar-iskola"},"wordCount":148,"commentCount":0,"image":{"@id":"https:\/\/onlinemagyariskola.com\/web\/blog\/15-eves-lett-az-online-magyar-iskola#primaryimage"},"thumbnailUrl":"https:\/\/onlinemagyariskola.com\/web\/wp-content\/uploads\/2024\/05\/1.jpg","articleSection":["Iskolai h\u00edrek"],"inLanguage":"en-US","potentialAction":[{"@type":"CommentAction","name":"Comment","target":["https:\/\/onlinemagyariskola.com\/web\/blog\/15-eves-lett-az-online-magyar-iskola#respond"]}]},{"@type":"WebPage","@id":"https:\/\/onlinemagyariskola.com\/web\/blog\/15-eves-lett-az-online-magyar-iskola","url":"https:\/\/onlinemagyariskola.com\/web\/blog\/15-eves-lett-az-online-magyar-iskola","name":"15 \u00e9ves lett az Online Magyar Iskola! - Online Magyar Iskola","isPartOf":{"@id":"https:\/\/onlinemagyariskola.com\/web\/#website"},"primaryImageOfPage":{"@id":"https:\/\/onlinemagyariskola.com\/web\/blog\/15-eves-lett-az-online-magyar-iskola#primaryimage"},"image":{"@id":"https:\/\/onlinemagyariskola.com\/web\/blog\/15-eves-lett-az-online-magyar-iskola#primaryimage"},"thumbnailUrl":"https:\/\/onlinemagyariskola.com\/web\/wp-content\/uploads\/2024\/05\/1.jpg","datePublished":"2024-05-22T01:16:25+00:00","dateModified":"2024-06-06T00:01:33+00:00","author":{"@id":"https:\/\/onlinemagyariskola.com\/web\/#\/schema\/person\/3a63b62405fd079fa87e0c469d1f4943"},"breadcrumb":{"@id":"https:\/\/onlinemagyariskola.com\/web\/blog\/15-eves-lett-az-online-magyar-iskola#breadcrumb"},"inLanguage":"en-US","potentialAction":[{"@type":"ReadAction","target":["https:\/\/onlinemagyariskola.com\/web\/blog\/15-eves-lett-az-online-magyar-iskola"]}]},{"@type":"ImageObject","inLanguage":"en-US","@id":"https:\/\/onlinemagyariskola.com\/web\/blog\/15-eves-lett-az-online-magyar-iskola#primaryimage","url":"https:\/\/onlinemagyariskola.com\/web\/wp-content\/uploads\/2024\/05\/1.jpg","contentUrl":"https:\/\/onlinemagyariskola.com\/web\/wp-content\/uploads\/2024\/05\/1.jpg","width":1920,"height":1080},{"@type":"BreadcrumbList","@id":"https:\/\/onlinemagyariskola.com\/web\/blog\/15-eves-lett-az-online-magyar-iskola#breadcrumb","itemListElement":[{"@type":"ListItem","position":1,"name":"Home","item":"https:\/\/onlinemagyariskola.com\/web\/"},{"@type":"ListItem","position":2,"name":"15 \u00e9ves lett az Online Magyar Iskola!"}]},{"@type":"WebSite","@id":"https:\/\/onlinemagyariskola.com\/web\/#website","url":"https:\/\/onlinemagyariskola.com\/web\/","name":"Online Magyar Iskola","description":"Your SUPER-powered WP Engine Blog","potentialAction":[{"@type":"SearchAction","target":{"@type":"EntryPoint","urlTemplate":"https:\/\/onlinemagyariskola.com\/web\/?s={search_term_string}"},"query-input":{"@type":"PropertyValueSpecification","valueRequired":true,"valueName":"search_term_string"}}],"inLanguage":"en-US"},{"@type":"Person","@id":"https:\/\/onlinemagyariskola.com\/web\/#\/schema\/person\/3a63b62405fd079fa87e0c469d1f4943","name":"Szonja Ollari-Homor","image":{"@type":"ImageObject","inLanguage":"en-US","@id":"https:\/\/onlinemagyariskola.com\/web\/#\/schema\/person\/image\/","url":"https:\/\/secure.gravatar.com\/avatar\/6c9f8a2389d6164b9ba622c45eb2b8029b5d047c9e16f90fe294163e7ee310e9?s=96&d=mm&r=g","contentUrl":"https:\/\/secure.gravatar.com\/avatar\/6c9f8a2389d6164b9ba622c45eb2b8029b5d047c9e16f90fe294163e7ee310e9?s=96&d=mm&r=g","caption":"Szonja Ollari-Homor"},"url":"https:\/\/onlinemagyariskola.com\/web\/blog\/author\/ollari-szonjaonlinemagyariskola-com"}]}},"_links":{"self":[{"href":"https:\/\/onlinemagyariskola.com\/web\/wp-json\/wp\/v2\/posts\/4125","targetHints":{"allow":["GET"]}}],"collection":[{"href":"https:\/\/onlinemagyariskola.com\/web\/wp-json\/wp\/v2\/posts"}],"about":[{"href":"https:\/\/onlinemagyariskola.com\/web\/wp-json\/wp\/v2\/types\/post"}],"author":[{"embeddable":true,"href":"https:\/\/onlinemagyariskola.com\/web\/wp-json\/wp\/v2\/users\/34"}],"replies":[{"embeddable":true,"href":"https:\/\/onlinemagyariskola.com\/web\/wp-json\/wp\/v2\/comments?post=4125"}],"version-history":[{"count":9,"href":"https:\/\/onlinemagyariskola.com\/web\/wp-json\/wp\/v2\/posts\/4125\/revisions"}],"predecessor-version":[{"id":4228,"href":"https:\/\/onlinemagyariskola.com\/web\/wp-json\/wp\/v2\/posts\/4125\/revisions\/4228"}],"wp:featuredmedia":[{"embeddable":true,"href":"https:\/\/onlinemagyariskola.com\/web\/wp-json\/wp\/v2\/media\/4127"}],"wp:attachment":[{"href":"https:\/\/onlinemagyariskola.com\/web\/wp-json\/wp\/v2\/media?parent=4125"}],"wp:term":[{"taxonomy":"category","embeddable":true,"href":"https:\/\/onlinemagyariskola.com\/web\/wp-json\/wp\/v2\/categories?post=4125"},{"taxonomy":"post_tag","embeddable":true,"href":"https:\/\/onlinemagyariskola.com\/web\/wp-json\/wp\/v2\/tags?post=4125"}],"curies":[{"name":"wp","href":"https:\/\/api.w.org\/{rel}","templated":true}]}}