{"id":4028,"date":"2023-12-18T11:21:46","date_gmt":"2023-12-18T15:21:46","guid":{"rendered":"https:\/\/onlinemagyariskola.com\/web\/?p=4028"},"modified":"2023-12-18T11:24:46","modified_gmt":"2023-12-18T15:24:46","slug":"uj-kezdo-csoport-indul-a-tavaszi-felevben","status":"publish","type":"post","link":"https:\/\/onlinemagyariskola.com\/web\/blog\/uj-kezdo-csoport-indul-a-tavaszi-felevben","title":{"rendered":"\u00daj kezd\u0151 csoport indul a tavaszi f\u00e9l\u00e9vben!"},"content":{"rendered":"\n<div class=\"wp-block-media-text is-stacked-on-mobile\" style=\"grid-template-columns:30% auto\"><figure class=\"wp-block-media-text__media\"><img loading=\"lazy\" decoding=\"async\" width=\"819\" height=\"1024\" src=\"https:\/\/onlinemagyariskola.com\/web\/wp-content\/uploads\/2023\/12\/411176310_1360946651207395_6781566815438735644_n-1-819x1024.jpg\" alt=\"\" class=\"wp-image-4034 size-full\" srcset=\"https:\/\/onlinemagyariskola.com\/web\/wp-content\/uploads\/2023\/12\/411176310_1360946651207395_6781566815438735644_n-1-819x1024.jpg 819w, https:\/\/onlinemagyariskola.com\/web\/wp-content\/uploads\/2023\/12\/411176310_1360946651207395_6781566815438735644_n-1-240x300.jpg 240w, https:\/\/onlinemagyariskola.com\/web\/wp-content\/uploads\/2023\/12\/411176310_1360946651207395_6781566815438735644_n-1-768x960.jpg 768w, https:\/\/onlinemagyariskola.com\/web\/wp-content\/uploads\/2023\/12\/411176310_1360946651207395_6781566815438735644_n-1.jpg 1080w\" sizes=\"auto, (max-width: 819px) 100vw, 819px\" \/><\/figure><div class=\"wp-block-media-text__content\">\n<p>\u00daj csoportot ind\u00edtunk a 2023\/24-es tan\u00e9v m\u00e1sodik f\u00e9l\u00e9v\u00e9ben. J\u00e1t\u00e9kos, interakt\u00edv \u00f3r\u00e1inkra kezd\u0151 magyartanul\u00f3 gyerekeket v\u00e1runk 7-10 \u00e9ves koroszt\u00e1lyban. <\/p>\n\n\n\n<p>B\u0151vebb inform\u00e1ci\u00f3 \u00e9s jelentkez\u00e9s emailben: info@onlinemagyariskola.com<\/p>\n<\/div><\/div>\n","protected":false},"excerpt":{"rendered":"<p>\u00daj csoportot ind\u00edtunk a 2023\/24-es tan\u00e9v m\u00e1sodik f\u00e9l\u00e9v\u00e9ben. J\u00e1t\u00e9kos, interakt\u00edv [&hellip;]<\/p>\n","protected":false},"author":34,"featured_media":4029,"comment_status":"open","ping_status":"open","sticky":false,"template":"","format":"standard","meta":{"_exactmetrics_skip_tracking":false,"_exactmetrics_sitenote_active":false,"_exactmetrics_sitenote_note":"","_exactmetrics_sitenote_category":0,"footnotes":""},"categories":[1],"tags":[],"class_list":["post-4028","post","type-post","status-publish","format-standard","has-post-thumbnail","hentry","category-news"],"acf":[],"yoast_head":"<!-- This site is optimized with the Yoast SEO plugin v26.9 - https:\/\/yoast.com\/product\/yoast-seo-wordpress\/ -->\n<title>\u00daj kezd\u0151 csoport indul a tavaszi f\u00e9l\u00e9vben! - Online Magyar Iskola<\/title>\n<meta name=\"robots\" content=\"index, follow, max-snippet:-1, max-image-preview:large, max-video-preview:-1\" \/>\n<link rel=\"canonical\" href=\"https:\/\/onlinemagyariskola.com\/web\/blog\/uj-kezdo-csoport-indul-a-tavaszi-felevben\" \/>\n<meta property=\"og:locale\" content=\"en_US\" \/>\n<meta property=\"og:type\" content=\"article\" \/>\n<meta property=\"og:title\" content=\"\u00daj kezd\u0151 csoport indul a tavaszi f\u00e9l\u00e9vben! - Online Magyar Iskola\" \/>\n<meta property=\"og:description\" content=\"\u00daj csoportot ind\u00edtunk a 2023\/24-es tan\u00e9v m\u00e1sodik f\u00e9l\u00e9v\u00e9ben. J\u00e1t\u00e9kos, interakt\u00edv [&hellip;]\" \/>\n<meta property=\"og:url\" content=\"https:\/\/onlinemagyariskola.com\/web\/blog\/uj-kezdo-csoport-indul-a-tavaszi-felevben\" \/>\n<meta property=\"og:site_name\" content=\"Online Magyar Iskola\" \/>\n<meta property=\"article:published_time\" content=\"2023-12-18T15:21:46+00:00\" \/>\n<meta property=\"article:modified_time\" content=\"2023-12-18T15:24:46+00:00\" \/>\n<meta property=\"og:image\" content=\"https:\/\/onlinemagyariskola.com\/web\/wp-content\/uploads\/2023\/12\/411176310_1360946651207395_6781566815438735644_n-e1702913080196.jpg\" \/>\n\t<meta property=\"og:image:width\" content=\"1066\" \/>\n\t<meta property=\"og:image:height\" content=\"1293\" \/>\n\t<meta property=\"og:image:type\" content=\"image\/jpeg\" \/>\n<meta name=\"author\" content=\"Szonja Ollari-Homor\" \/>\n<meta name=\"twitter:card\" content=\"summary_large_image\" \/>\n<meta name=\"twitter:label1\" content=\"Written by\" \/>\n\t<meta name=\"twitter:data1\" content=\"Szonja Ollari-Homor\" \/>\n<script type=\"application\/ld+json\" class=\"yoast-schema-graph\">{\"@context\":\"https:\/\/schema.org\",\"@graph\":[{\"@type\":\"Article\",\"@id\":\"https:\/\/onlinemagyariskola.com\/web\/blog\/uj-kezdo-csoport-indul-a-tavaszi-felevben#article\",\"isPartOf\":{\"@id\":\"https:\/\/onlinemagyariskola.com\/web\/blog\/uj-kezdo-csoport-indul-a-tavaszi-felevben\"},\"author\":{\"name\":\"Szonja Ollari-Homor\",\"@id\":\"https:\/\/onlinemagyariskola.com\/web\/#\/schema\/person\/3a63b62405fd079fa87e0c469d1f4943\"},\"headline\":\"\u00daj kezd\u0151 csoport indul a tavaszi f\u00e9l\u00e9vben!\",\"datePublished\":\"2023-12-18T15:21:46+00:00\",\"dateModified\":\"2023-12-18T15:24:46+00:00\",\"mainEntityOfPage\":{\"@id\":\"https:\/\/onlinemagyariskola.com\/web\/blog\/uj-kezdo-csoport-indul-a-tavaszi-felevben\"},\"wordCount\":50,\"commentCount\":0,\"image\":{\"@id\":\"https:\/\/onlinemagyariskola.com\/web\/blog\/uj-kezdo-csoport-indul-a-tavaszi-felevben#primaryimage\"},\"thumbnailUrl\":\"https:\/\/onlinemagyariskola.com\/web\/wp-content\/uploads\/2023\/12\/411176310_1360946651207395_6781566815438735644_n-e1702913080196.jpg\",\"articleSection\":[\"Iskolai h\u00edrek\"],\"inLanguage\":\"en-US\",\"potentialAction\":[{\"@type\":\"CommentAction\",\"name\":\"Comment\",\"target\":[\"https:\/\/onlinemagyariskola.com\/web\/blog\/uj-kezdo-csoport-indul-a-tavaszi-felevben#respond\"]}]},{\"@type\":\"WebPage\",\"@id\":\"https:\/\/onlinemagyariskola.com\/web\/blog\/uj-kezdo-csoport-indul-a-tavaszi-felevben\",\"url\":\"https:\/\/onlinemagyariskola.com\/web\/blog\/uj-kezdo-csoport-indul-a-tavaszi-felevben\",\"name\":\"\u00daj kezd\u0151 csoport indul a tavaszi f\u00e9l\u00e9vben! - Online Magyar Iskola\",\"isPartOf\":{\"@id\":\"https:\/\/onlinemagyariskola.com\/web\/#website\"},\"primaryImageOfPage\":{\"@id\":\"https:\/\/onlinemagyariskola.com\/web\/blog\/uj-kezdo-csoport-indul-a-tavaszi-felevben#primaryimage\"},\"image\":{\"@id\":\"https:\/\/onlinemagyariskola.com\/web\/blog\/uj-kezdo-csoport-indul-a-tavaszi-felevben#primaryimage\"},\"thumbnailUrl\":\"https:\/\/onlinemagyariskola.com\/web\/wp-content\/uploads\/2023\/12\/411176310_1360946651207395_6781566815438735644_n-e1702913080196.jpg\",\"datePublished\":\"2023-12-18T15:21:46+00:00\",\"dateModified\":\"2023-12-18T15:24:46+00:00\",\"author\":{\"@id\":\"https:\/\/onlinemagyariskola.com\/web\/#\/schema\/person\/3a63b62405fd079fa87e0c469d1f4943\"},\"breadcrumb\":{\"@id\":\"https:\/\/onlinemagyariskola.com\/web\/blog\/uj-kezdo-csoport-indul-a-tavaszi-felevben#breadcrumb\"},\"inLanguage\":\"en-US\",\"potentialAction\":[{\"@type\":\"ReadAction\",\"target\":[\"https:\/\/onlinemagyariskola.com\/web\/blog\/uj-kezdo-csoport-indul-a-tavaszi-felevben\"]}]},{\"@type\":\"ImageObject\",\"inLanguage\":\"en-US\",\"@id\":\"https:\/\/onlinemagyariskola.com\/web\/blog\/uj-kezdo-csoport-indul-a-tavaszi-felevben#primaryimage\",\"url\":\"https:\/\/onlinemagyariskola.com\/web\/wp-content\/uploads\/2023\/12\/411176310_1360946651207395_6781566815438735644_n-e1702913080196.jpg\",\"contentUrl\":\"https:\/\/onlinemagyariskola.com\/web\/wp-content\/uploads\/2023\/12\/411176310_1360946651207395_6781566815438735644_n-e1702913080196.jpg\",\"width\":1066,\"height\":1293},{\"@type\":\"BreadcrumbList\",\"@id\":\"https:\/\/onlinemagyariskola.com\/web\/blog\/uj-kezdo-csoport-indul-a-tavaszi-felevben#breadcrumb\",\"itemListElement\":[{\"@type\":\"ListItem\",\"position\":1,\"name\":\"Home\",\"item\":\"https:\/\/onlinemagyariskola.com\/web\/\"},{\"@type\":\"ListItem\",\"position\":2,\"name\":\"\u00daj kezd\u0151 csoport indul a tavaszi f\u00e9l\u00e9vben!\"}]},{\"@type\":\"WebSite\",\"@id\":\"https:\/\/onlinemagyariskola.com\/web\/#website\",\"url\":\"https:\/\/onlinemagyariskola.com\/web\/\",\"name\":\"Online Magyar Iskola\",\"description\":\"Your SUPER-powered WP Engine Blog\",\"potentialAction\":[{\"@type\":\"SearchAction\",\"target\":{\"@type\":\"EntryPoint\",\"urlTemplate\":\"https:\/\/onlinemagyariskola.com\/web\/?s={search_term_string}\"},\"query-input\":{\"@type\":\"PropertyValueSpecification\",\"valueRequired\":true,\"valueName\":\"search_term_string\"}}],\"inLanguage\":\"en-US\"},{\"@type\":\"Person\",\"@id\":\"https:\/\/onlinemagyariskola.com\/web\/#\/schema\/person\/3a63b62405fd079fa87e0c469d1f4943\",\"name\":\"Szonja Ollari-Homor\",\"image\":{\"@type\":\"ImageObject\",\"inLanguage\":\"en-US\",\"@id\":\"https:\/\/onlinemagyariskola.com\/web\/#\/schema\/person\/image\/\",\"url\":\"https:\/\/secure.gravatar.com\/avatar\/6c9f8a2389d6164b9ba622c45eb2b8029b5d047c9e16f90fe294163e7ee310e9?s=96&d=mm&r=g\",\"contentUrl\":\"https:\/\/secure.gravatar.com\/avatar\/6c9f8a2389d6164b9ba622c45eb2b8029b5d047c9e16f90fe294163e7ee310e9?s=96&d=mm&r=g\",\"caption\":\"Szonja Ollari-Homor\"},\"url\":\"https:\/\/onlinemagyariskola.com\/web\/blog\/author\/ollari-szonjaonlinemagyariskola-com\"}]}<\/script>\n<!-- \/ Yoast SEO plugin. -->","yoast_head_json":{"title":"\u00daj kezd\u0151 csoport indul a tavaszi f\u00e9l\u00e9vben! - Online Magyar Iskola","robots":{"index":"index","follow":"follow","max-snippet":"max-snippet:-1","max-image-preview":"max-image-preview:large","max-video-preview":"max-video-preview:-1"},"canonical":"https:\/\/onlinemagyariskola.com\/web\/blog\/uj-kezdo-csoport-indul-a-tavaszi-felevben","og_locale":"en_US","og_type":"article","og_title":"\u00daj kezd\u0151 csoport indul a tavaszi f\u00e9l\u00e9vben! - Online Magyar Iskola","og_description":"\u00daj csoportot ind\u00edtunk a 2023\/24-es tan\u00e9v m\u00e1sodik f\u00e9l\u00e9v\u00e9ben. J\u00e1t\u00e9kos, interakt\u00edv [&hellip;]","og_url":"https:\/\/onlinemagyariskola.com\/web\/blog\/uj-kezdo-csoport-indul-a-tavaszi-felevben","og_site_name":"Online Magyar Iskola","article_published_time":"2023-12-18T15:21:46+00:00","article_modified_time":"2023-12-18T15:24:46+00:00","og_image":[{"width":1066,"height":1293,"url":"https:\/\/onlinemagyariskola.com\/web\/wp-content\/uploads\/2023\/12\/411176310_1360946651207395_6781566815438735644_n-e1702913080196.jpg","type":"image\/jpeg"}],"author":"Szonja Ollari-Homor","twitter_card":"summary_large_image","twitter_misc":{"Written by":"Szonja Ollari-Homor"},"schema":{"@context":"https:\/\/schema.org","@graph":[{"@type":"Article","@id":"https:\/\/onlinemagyariskola.com\/web\/blog\/uj-kezdo-csoport-indul-a-tavaszi-felevben#article","isPartOf":{"@id":"https:\/\/onlinemagyariskola.com\/web\/blog\/uj-kezdo-csoport-indul-a-tavaszi-felevben"},"author":{"name":"Szonja Ollari-Homor","@id":"https:\/\/onlinemagyariskola.com\/web\/#\/schema\/person\/3a63b62405fd079fa87e0c469d1f4943"},"headline":"\u00daj kezd\u0151 csoport indul a tavaszi f\u00e9l\u00e9vben!","datePublished":"2023-12-18T15:21:46+00:00","dateModified":"2023-12-18T15:24:46+00:00","mainEntityOfPage":{"@id":"https:\/\/onlinemagyariskola.com\/web\/blog\/uj-kezdo-csoport-indul-a-tavaszi-felevben"},"wordCount":50,"commentCount":0,"image":{"@id":"https:\/\/onlinemagyariskola.com\/web\/blog\/uj-kezdo-csoport-indul-a-tavaszi-felevben#primaryimage"},"thumbnailUrl":"https:\/\/onlinemagyariskola.com\/web\/wp-content\/uploads\/2023\/12\/411176310_1360946651207395_6781566815438735644_n-e1702913080196.jpg","articleSection":["Iskolai h\u00edrek"],"inLanguage":"en-US","potentialAction":[{"@type":"CommentAction","name":"Comment","target":["https:\/\/onlinemagyariskola.com\/web\/blog\/uj-kezdo-csoport-indul-a-tavaszi-felevben#respond"]}]},{"@type":"WebPage","@id":"https:\/\/onlinemagyariskola.com\/web\/blog\/uj-kezdo-csoport-indul-a-tavaszi-felevben","url":"https:\/\/onlinemagyariskola.com\/web\/blog\/uj-kezdo-csoport-indul-a-tavaszi-felevben","name":"\u00daj kezd\u0151 csoport indul a tavaszi f\u00e9l\u00e9vben! - Online Magyar Iskola","isPartOf":{"@id":"https:\/\/onlinemagyariskola.com\/web\/#website"},"primaryImageOfPage":{"@id":"https:\/\/onlinemagyariskola.com\/web\/blog\/uj-kezdo-csoport-indul-a-tavaszi-felevben#primaryimage"},"image":{"@id":"https:\/\/onlinemagyariskola.com\/web\/blog\/uj-kezdo-csoport-indul-a-tavaszi-felevben#primaryimage"},"thumbnailUrl":"https:\/\/onlinemagyariskola.com\/web\/wp-content\/uploads\/2023\/12\/411176310_1360946651207395_6781566815438735644_n-e1702913080196.jpg","datePublished":"2023-12-18T15:21:46+00:00","dateModified":"2023-12-18T15:24:46+00:00","author":{"@id":"https:\/\/onlinemagyariskola.com\/web\/#\/schema\/person\/3a63b62405fd079fa87e0c469d1f4943"},"breadcrumb":{"@id":"https:\/\/onlinemagyariskola.com\/web\/blog\/uj-kezdo-csoport-indul-a-tavaszi-felevben#breadcrumb"},"inLanguage":"en-US","potentialAction":[{"@type":"ReadAction","target":["https:\/\/onlinemagyariskola.com\/web\/blog\/uj-kezdo-csoport-indul-a-tavaszi-felevben"]}]},{"@type":"ImageObject","inLanguage":"en-US","@id":"https:\/\/onlinemagyariskola.com\/web\/blog\/uj-kezdo-csoport-indul-a-tavaszi-felevben#primaryimage","url":"https:\/\/onlinemagyariskola.com\/web\/wp-content\/uploads\/2023\/12\/411176310_1360946651207395_6781566815438735644_n-e1702913080196.jpg","contentUrl":"https:\/\/onlinemagyariskola.com\/web\/wp-content\/uploads\/2023\/12\/411176310_1360946651207395_6781566815438735644_n-e1702913080196.jpg","width":1066,"height":1293},{"@type":"BreadcrumbList","@id":"https:\/\/onlinemagyariskola.com\/web\/blog\/uj-kezdo-csoport-indul-a-tavaszi-felevben#breadcrumb","itemListElement":[{"@type":"ListItem","position":1,"name":"Home","item":"https:\/\/onlinemagyariskola.com\/web\/"},{"@type":"ListItem","position":2,"name":"\u00daj kezd\u0151 csoport indul a tavaszi f\u00e9l\u00e9vben!"}]},{"@type":"WebSite","@id":"https:\/\/onlinemagyariskola.com\/web\/#website","url":"https:\/\/onlinemagyariskola.com\/web\/","name":"Online Magyar Iskola","description":"Your SUPER-powered WP Engine Blog","potentialAction":[{"@type":"SearchAction","target":{"@type":"EntryPoint","urlTemplate":"https:\/\/onlinemagyariskola.com\/web\/?s={search_term_string}"},"query-input":{"@type":"PropertyValueSpecification","valueRequired":true,"valueName":"search_term_string"}}],"inLanguage":"en-US"},{"@type":"Person","@id":"https:\/\/onlinemagyariskola.com\/web\/#\/schema\/person\/3a63b62405fd079fa87e0c469d1f4943","name":"Szonja Ollari-Homor","image":{"@type":"ImageObject","inLanguage":"en-US","@id":"https:\/\/onlinemagyariskola.com\/web\/#\/schema\/person\/image\/","url":"https:\/\/secure.gravatar.com\/avatar\/6c9f8a2389d6164b9ba622c45eb2b8029b5d047c9e16f90fe294163e7ee310e9?s=96&d=mm&r=g","contentUrl":"https:\/\/secure.gravatar.com\/avatar\/6c9f8a2389d6164b9ba622c45eb2b8029b5d047c9e16f90fe294163e7ee310e9?s=96&d=mm&r=g","caption":"Szonja Ollari-Homor"},"url":"https:\/\/onlinemagyariskola.com\/web\/blog\/author\/ollari-szonjaonlinemagyariskola-com"}]}},"_links":{"self":[{"href":"https:\/\/onlinemagyariskola.com\/web\/wp-json\/wp\/v2\/posts\/4028","targetHints":{"allow":["GET"]}}],"collection":[{"href":"https:\/\/onlinemagyariskola.com\/web\/wp-json\/wp\/v2\/posts"}],"about":[{"href":"https:\/\/onlinemagyariskola.com\/web\/wp-json\/wp\/v2\/types\/post"}],"author":[{"embeddable":true,"href":"https:\/\/onlinemagyariskola.com\/web\/wp-json\/wp\/v2\/users\/34"}],"replies":[{"embeddable":true,"href":"https:\/\/onlinemagyariskola.com\/web\/wp-json\/wp\/v2\/comments?post=4028"}],"version-history":[{"count":2,"href":"https:\/\/onlinemagyariskola.com\/web\/wp-json\/wp\/v2\/posts\/4028\/revisions"}],"predecessor-version":[{"id":4035,"href":"https:\/\/onlinemagyariskola.com\/web\/wp-json\/wp\/v2\/posts\/4028\/revisions\/4035"}],"wp:featuredmedia":[{"embeddable":true,"href":"https:\/\/onlinemagyariskola.com\/web\/wp-json\/wp\/v2\/media\/4029"}],"wp:attachment":[{"href":"https:\/\/onlinemagyariskola.com\/web\/wp-json\/wp\/v2\/media?parent=4028"}],"wp:term":[{"taxonomy":"category","embeddable":true,"href":"https:\/\/onlinemagyariskola.com\/web\/wp-json\/wp\/v2\/categories?post=4028"},{"taxonomy":"post_tag","embeddable":true,"href":"https:\/\/onlinemagyariskola.com\/web\/wp-json\/wp\/v2\/tags?post=4028"}],"curies":[{"name":"wp","href":"https:\/\/api.w.org\/{rel}","templated":true}]}}