{"id":2936,"date":"2021-08-30T15:30:00","date_gmt":"2021-08-30T19:30:00","guid":{"rendered":"https:\/\/onlinemagyariskola.com\/web\/?p=2936"},"modified":"2021-09-13T15:39:55","modified_gmt":"2021-09-13T19:39:55","slug":"iskolank-1-helyezest-ert-el-a-szechenyi-projekt-palyazaton","status":"publish","type":"post","link":"https:\/\/onlinemagyariskola.com\/web\/blog\/iskolank-1-helyezest-ert-el-a-szechenyi-projekt-palyazaton","title":{"rendered":"Iskol\u00e1nk 1. helyez\u00e9st \u00e9rt el a Sz\u00e9chenyi-projekt p\u00e1ly\u00e1zaton"},"content":{"rendered":"\n<p>Iskol\u00e1nk els\u0151 helyen v\u00e9gzett azon a projekt\u00edr\u00f3 versenyen, melyet a Sz\u00e9chenyi Istv\u00e1n Egyetem Ap\u00e1czai Csere J\u00e1nos Kara \u00e9s a Nemzetpolitik\u00e1\u00e9rt Felel\u0151s \u00c1llamtitk\u00e1rs\u00e1g hirdetett a diaszp\u00f3r\u00e1ban m\u0171k\u00f6d\u0151 h\u00e9tv\u00e9gi magyar iskol\u00e1k pedag\u00f3gusai sz\u00e1m\u00e1ra. Izgatottan v\u00e1rjuk, hogy szeptembert\u0151l megval\u00f3s\u00edthassuk a gyerekekkel a projektet!  <\/p>\n\n\n\n<figure class=\"wp-block-image size-large\"><img loading=\"lazy\" decoding=\"async\" width=\"737\" height=\"1024\" src=\"https:\/\/onlinemagyariskola.com\/web\/wp-content\/uploads\/2021\/09\/241028276_875746016394130_7141930085902397537_n-737x1024.jpg\" alt=\"\" class=\"wp-image-2938\" srcset=\"https:\/\/onlinemagyariskola.com\/web\/wp-content\/uploads\/2021\/09\/241028276_875746016394130_7141930085902397537_n-737x1024.jpg 737w, https:\/\/onlinemagyariskola.com\/web\/wp-content\/uploads\/2021\/09\/241028276_875746016394130_7141930085902397537_n-216x300.jpg 216w, https:\/\/onlinemagyariskola.com\/web\/wp-content\/uploads\/2021\/09\/241028276_875746016394130_7141930085902397537_n.jpg 749w\" sizes=\"auto, (max-width: 737px) 100vw, 737px\" \/><\/figure>\n","protected":false},"excerpt":{"rendered":"<p>Iskol\u00e1nk els\u0151 helyen v\u00e9gzett azon a projekt\u00edr\u00f3 versenyen, melyet a [&hellip;]<\/p>\n","protected":false},"author":34,"featured_media":2937,"comment_status":"open","ping_status":"open","sticky":false,"template":"","format":"standard","meta":{"_exactmetrics_skip_tracking":false,"_exactmetrics_sitenote_active":false,"_exactmetrics_sitenote_note":"","_exactmetrics_sitenote_category":0,"footnotes":""},"categories":[1],"tags":[],"class_list":["post-2936","post","type-post","status-publish","format-standard","has-post-thumbnail","hentry","category-news"],"acf":[],"yoast_head":"<!-- This site is optimized with the Yoast SEO plugin v26.9 - https:\/\/yoast.com\/product\/yoast-seo-wordpress\/ -->\n<title>Iskol\u00e1nk 1. helyez\u00e9st \u00e9rt el a Sz\u00e9chenyi-projekt p\u00e1ly\u00e1zaton - Online Magyar Iskola<\/title>\n<meta name=\"robots\" content=\"index, follow, max-snippet:-1, max-image-preview:large, max-video-preview:-1\" \/>\n<link rel=\"canonical\" href=\"https:\/\/onlinemagyariskola.com\/web\/blog\/iskolank-1-helyezest-ert-el-a-szechenyi-projekt-palyazaton\" \/>\n<meta property=\"og:locale\" content=\"en_US\" \/>\n<meta property=\"og:type\" content=\"article\" \/>\n<meta property=\"og:title\" content=\"Iskol\u00e1nk 1. helyez\u00e9st \u00e9rt el a Sz\u00e9chenyi-projekt p\u00e1ly\u00e1zaton - Online Magyar Iskola\" \/>\n<meta property=\"og:description\" content=\"Iskol\u00e1nk els\u0151 helyen v\u00e9gzett azon a projekt\u00edr\u00f3 versenyen, melyet a [&hellip;]\" \/>\n<meta property=\"og:url\" content=\"https:\/\/onlinemagyariskola.com\/web\/blog\/iskolank-1-helyezest-ert-el-a-szechenyi-projekt-palyazaton\" \/>\n<meta property=\"og:site_name\" content=\"Online Magyar Iskola\" \/>\n<meta property=\"article:published_time\" content=\"2021-08-30T19:30:00+00:00\" \/>\n<meta property=\"article:modified_time\" content=\"2021-09-13T19:39:55+00:00\" \/>\n<meta property=\"og:image\" content=\"https:\/\/onlinemagyariskola.com\/web\/wp-content\/uploads\/2021\/09\/szechenyi-930x620-1.jpg\" \/>\n\t<meta property=\"og:image:width\" content=\"930\" \/>\n\t<meta property=\"og:image:height\" content=\"620\" \/>\n\t<meta property=\"og:image:type\" content=\"image\/jpeg\" \/>\n<meta name=\"author\" content=\"Szonja Ollari-Homor\" \/>\n<meta name=\"twitter:card\" content=\"summary_large_image\" \/>\n<meta name=\"twitter:label1\" content=\"Written by\" \/>\n\t<meta name=\"twitter:data1\" content=\"Szonja Ollari-Homor\" \/>\n<script type=\"application\/ld+json\" class=\"yoast-schema-graph\">{\"@context\":\"https:\/\/schema.org\",\"@graph\":[{\"@type\":\"Article\",\"@id\":\"https:\/\/onlinemagyariskola.com\/web\/blog\/iskolank-1-helyezest-ert-el-a-szechenyi-projekt-palyazaton#article\",\"isPartOf\":{\"@id\":\"https:\/\/onlinemagyariskola.com\/web\/blog\/iskolank-1-helyezest-ert-el-a-szechenyi-projekt-palyazaton\"},\"author\":{\"name\":\"Szonja Ollari-Homor\",\"@id\":\"https:\/\/onlinemagyariskola.com\/web\/#\/schema\/person\/3a63b62405fd079fa87e0c469d1f4943\"},\"headline\":\"Iskol\u00e1nk 1. helyez\u00e9st \u00e9rt el a Sz\u00e9chenyi-projekt p\u00e1ly\u00e1zaton\",\"datePublished\":\"2021-08-30T19:30:00+00:00\",\"dateModified\":\"2021-09-13T19:39:55+00:00\",\"mainEntityOfPage\":{\"@id\":\"https:\/\/onlinemagyariskola.com\/web\/blog\/iskolank-1-helyezest-ert-el-a-szechenyi-projekt-palyazaton\"},\"wordCount\":77,\"commentCount\":0,\"image\":{\"@id\":\"https:\/\/onlinemagyariskola.com\/web\/blog\/iskolank-1-helyezest-ert-el-a-szechenyi-projekt-palyazaton#primaryimage\"},\"thumbnailUrl\":\"https:\/\/onlinemagyariskola.com\/web\/wp-content\/uploads\/2021\/09\/szechenyi-930x620-1.jpg\",\"articleSection\":[\"Iskolai h\u00edrek\"],\"inLanguage\":\"en-US\",\"potentialAction\":[{\"@type\":\"CommentAction\",\"name\":\"Comment\",\"target\":[\"https:\/\/onlinemagyariskola.com\/web\/blog\/iskolank-1-helyezest-ert-el-a-szechenyi-projekt-palyazaton#respond\"]}]},{\"@type\":\"WebPage\",\"@id\":\"https:\/\/onlinemagyariskola.com\/web\/blog\/iskolank-1-helyezest-ert-el-a-szechenyi-projekt-palyazaton\",\"url\":\"https:\/\/onlinemagyariskola.com\/web\/blog\/iskolank-1-helyezest-ert-el-a-szechenyi-projekt-palyazaton\",\"name\":\"Iskol\u00e1nk 1. helyez\u00e9st \u00e9rt el a Sz\u00e9chenyi-projekt p\u00e1ly\u00e1zaton - Online Magyar Iskola\",\"isPartOf\":{\"@id\":\"https:\/\/onlinemagyariskola.com\/web\/#website\"},\"primaryImageOfPage\":{\"@id\":\"https:\/\/onlinemagyariskola.com\/web\/blog\/iskolank-1-helyezest-ert-el-a-szechenyi-projekt-palyazaton#primaryimage\"},\"image\":{\"@id\":\"https:\/\/onlinemagyariskola.com\/web\/blog\/iskolank-1-helyezest-ert-el-a-szechenyi-projekt-palyazaton#primaryimage\"},\"thumbnailUrl\":\"https:\/\/onlinemagyariskola.com\/web\/wp-content\/uploads\/2021\/09\/szechenyi-930x620-1.jpg\",\"datePublished\":\"2021-08-30T19:30:00+00:00\",\"dateModified\":\"2021-09-13T19:39:55+00:00\",\"author\":{\"@id\":\"https:\/\/onlinemagyariskola.com\/web\/#\/schema\/person\/3a63b62405fd079fa87e0c469d1f4943\"},\"breadcrumb\":{\"@id\":\"https:\/\/onlinemagyariskola.com\/web\/blog\/iskolank-1-helyezest-ert-el-a-szechenyi-projekt-palyazaton#breadcrumb\"},\"inLanguage\":\"en-US\",\"potentialAction\":[{\"@type\":\"ReadAction\",\"target\":[\"https:\/\/onlinemagyariskola.com\/web\/blog\/iskolank-1-helyezest-ert-el-a-szechenyi-projekt-palyazaton\"]}]},{\"@type\":\"ImageObject\",\"inLanguage\":\"en-US\",\"@id\":\"https:\/\/onlinemagyariskola.com\/web\/blog\/iskolank-1-helyezest-ert-el-a-szechenyi-projekt-palyazaton#primaryimage\",\"url\":\"https:\/\/onlinemagyariskola.com\/web\/wp-content\/uploads\/2021\/09\/szechenyi-930x620-1.jpg\",\"contentUrl\":\"https:\/\/onlinemagyariskola.com\/web\/wp-content\/uploads\/2021\/09\/szechenyi-930x620-1.jpg\",\"width\":930,\"height\":620},{\"@type\":\"BreadcrumbList\",\"@id\":\"https:\/\/onlinemagyariskola.com\/web\/blog\/iskolank-1-helyezest-ert-el-a-szechenyi-projekt-palyazaton#breadcrumb\",\"itemListElement\":[{\"@type\":\"ListItem\",\"position\":1,\"name\":\"Home\",\"item\":\"https:\/\/onlinemagyariskola.com\/web\/\"},{\"@type\":\"ListItem\",\"position\":2,\"name\":\"Iskol\u00e1nk 1. helyez\u00e9st \u00e9rt el a Sz\u00e9chenyi-projekt p\u00e1ly\u00e1zaton\"}]},{\"@type\":\"WebSite\",\"@id\":\"https:\/\/onlinemagyariskola.com\/web\/#website\",\"url\":\"https:\/\/onlinemagyariskola.com\/web\/\",\"name\":\"Online Magyar Iskola\",\"description\":\"Your SUPER-powered WP Engine Blog\",\"potentialAction\":[{\"@type\":\"SearchAction\",\"target\":{\"@type\":\"EntryPoint\",\"urlTemplate\":\"https:\/\/onlinemagyariskola.com\/web\/?s={search_term_string}\"},\"query-input\":{\"@type\":\"PropertyValueSpecification\",\"valueRequired\":true,\"valueName\":\"search_term_string\"}}],\"inLanguage\":\"en-US\"},{\"@type\":\"Person\",\"@id\":\"https:\/\/onlinemagyariskola.com\/web\/#\/schema\/person\/3a63b62405fd079fa87e0c469d1f4943\",\"name\":\"Szonja Ollari-Homor\",\"image\":{\"@type\":\"ImageObject\",\"inLanguage\":\"en-US\",\"@id\":\"https:\/\/onlinemagyariskola.com\/web\/#\/schema\/person\/image\/\",\"url\":\"https:\/\/secure.gravatar.com\/avatar\/6c9f8a2389d6164b9ba622c45eb2b8029b5d047c9e16f90fe294163e7ee310e9?s=96&d=mm&r=g\",\"contentUrl\":\"https:\/\/secure.gravatar.com\/avatar\/6c9f8a2389d6164b9ba622c45eb2b8029b5d047c9e16f90fe294163e7ee310e9?s=96&d=mm&r=g\",\"caption\":\"Szonja Ollari-Homor\"},\"url\":\"https:\/\/onlinemagyariskola.com\/web\/blog\/author\/ollari-szonjaonlinemagyariskola-com\"}]}<\/script>\n<!-- \/ Yoast SEO plugin. -->","yoast_head_json":{"title":"Iskol\u00e1nk 1. helyez\u00e9st \u00e9rt el a Sz\u00e9chenyi-projekt p\u00e1ly\u00e1zaton - Online Magyar Iskola","robots":{"index":"index","follow":"follow","max-snippet":"max-snippet:-1","max-image-preview":"max-image-preview:large","max-video-preview":"max-video-preview:-1"},"canonical":"https:\/\/onlinemagyariskola.com\/web\/blog\/iskolank-1-helyezest-ert-el-a-szechenyi-projekt-palyazaton","og_locale":"en_US","og_type":"article","og_title":"Iskol\u00e1nk 1. helyez\u00e9st \u00e9rt el a Sz\u00e9chenyi-projekt p\u00e1ly\u00e1zaton - Online Magyar Iskola","og_description":"Iskol\u00e1nk els\u0151 helyen v\u00e9gzett azon a projekt\u00edr\u00f3 versenyen, melyet a [&hellip;]","og_url":"https:\/\/onlinemagyariskola.com\/web\/blog\/iskolank-1-helyezest-ert-el-a-szechenyi-projekt-palyazaton","og_site_name":"Online Magyar Iskola","article_published_time":"2021-08-30T19:30:00+00:00","article_modified_time":"2021-09-13T19:39:55+00:00","og_image":[{"width":930,"height":620,"url":"https:\/\/onlinemagyariskola.com\/web\/wp-content\/uploads\/2021\/09\/szechenyi-930x620-1.jpg","type":"image\/jpeg"}],"author":"Szonja Ollari-Homor","twitter_card":"summary_large_image","twitter_misc":{"Written by":"Szonja Ollari-Homor"},"schema":{"@context":"https:\/\/schema.org","@graph":[{"@type":"Article","@id":"https:\/\/onlinemagyariskola.com\/web\/blog\/iskolank-1-helyezest-ert-el-a-szechenyi-projekt-palyazaton#article","isPartOf":{"@id":"https:\/\/onlinemagyariskola.com\/web\/blog\/iskolank-1-helyezest-ert-el-a-szechenyi-projekt-palyazaton"},"author":{"name":"Szonja Ollari-Homor","@id":"https:\/\/onlinemagyariskola.com\/web\/#\/schema\/person\/3a63b62405fd079fa87e0c469d1f4943"},"headline":"Iskol\u00e1nk 1. helyez\u00e9st \u00e9rt el a Sz\u00e9chenyi-projekt p\u00e1ly\u00e1zaton","datePublished":"2021-08-30T19:30:00+00:00","dateModified":"2021-09-13T19:39:55+00:00","mainEntityOfPage":{"@id":"https:\/\/onlinemagyariskola.com\/web\/blog\/iskolank-1-helyezest-ert-el-a-szechenyi-projekt-palyazaton"},"wordCount":77,"commentCount":0,"image":{"@id":"https:\/\/onlinemagyariskola.com\/web\/blog\/iskolank-1-helyezest-ert-el-a-szechenyi-projekt-palyazaton#primaryimage"},"thumbnailUrl":"https:\/\/onlinemagyariskola.com\/web\/wp-content\/uploads\/2021\/09\/szechenyi-930x620-1.jpg","articleSection":["Iskolai h\u00edrek"],"inLanguage":"en-US","potentialAction":[{"@type":"CommentAction","name":"Comment","target":["https:\/\/onlinemagyariskola.com\/web\/blog\/iskolank-1-helyezest-ert-el-a-szechenyi-projekt-palyazaton#respond"]}]},{"@type":"WebPage","@id":"https:\/\/onlinemagyariskola.com\/web\/blog\/iskolank-1-helyezest-ert-el-a-szechenyi-projekt-palyazaton","url":"https:\/\/onlinemagyariskola.com\/web\/blog\/iskolank-1-helyezest-ert-el-a-szechenyi-projekt-palyazaton","name":"Iskol\u00e1nk 1. helyez\u00e9st \u00e9rt el a Sz\u00e9chenyi-projekt p\u00e1ly\u00e1zaton - Online Magyar Iskola","isPartOf":{"@id":"https:\/\/onlinemagyariskola.com\/web\/#website"},"primaryImageOfPage":{"@id":"https:\/\/onlinemagyariskola.com\/web\/blog\/iskolank-1-helyezest-ert-el-a-szechenyi-projekt-palyazaton#primaryimage"},"image":{"@id":"https:\/\/onlinemagyariskola.com\/web\/blog\/iskolank-1-helyezest-ert-el-a-szechenyi-projekt-palyazaton#primaryimage"},"thumbnailUrl":"https:\/\/onlinemagyariskola.com\/web\/wp-content\/uploads\/2021\/09\/szechenyi-930x620-1.jpg","datePublished":"2021-08-30T19:30:00+00:00","dateModified":"2021-09-13T19:39:55+00:00","author":{"@id":"https:\/\/onlinemagyariskola.com\/web\/#\/schema\/person\/3a63b62405fd079fa87e0c469d1f4943"},"breadcrumb":{"@id":"https:\/\/onlinemagyariskola.com\/web\/blog\/iskolank-1-helyezest-ert-el-a-szechenyi-projekt-palyazaton#breadcrumb"},"inLanguage":"en-US","potentialAction":[{"@type":"ReadAction","target":["https:\/\/onlinemagyariskola.com\/web\/blog\/iskolank-1-helyezest-ert-el-a-szechenyi-projekt-palyazaton"]}]},{"@type":"ImageObject","inLanguage":"en-US","@id":"https:\/\/onlinemagyariskola.com\/web\/blog\/iskolank-1-helyezest-ert-el-a-szechenyi-projekt-palyazaton#primaryimage","url":"https:\/\/onlinemagyariskola.com\/web\/wp-content\/uploads\/2021\/09\/szechenyi-930x620-1.jpg","contentUrl":"https:\/\/onlinemagyariskola.com\/web\/wp-content\/uploads\/2021\/09\/szechenyi-930x620-1.jpg","width":930,"height":620},{"@type":"BreadcrumbList","@id":"https:\/\/onlinemagyariskola.com\/web\/blog\/iskolank-1-helyezest-ert-el-a-szechenyi-projekt-palyazaton#breadcrumb","itemListElement":[{"@type":"ListItem","position":1,"name":"Home","item":"https:\/\/onlinemagyariskola.com\/web\/"},{"@type":"ListItem","position":2,"name":"Iskol\u00e1nk 1. helyez\u00e9st \u00e9rt el a Sz\u00e9chenyi-projekt p\u00e1ly\u00e1zaton"}]},{"@type":"WebSite","@id":"https:\/\/onlinemagyariskola.com\/web\/#website","url":"https:\/\/onlinemagyariskola.com\/web\/","name":"Online Magyar Iskola","description":"Your SUPER-powered WP Engine Blog","potentialAction":[{"@type":"SearchAction","target":{"@type":"EntryPoint","urlTemplate":"https:\/\/onlinemagyariskola.com\/web\/?s={search_term_string}"},"query-input":{"@type":"PropertyValueSpecification","valueRequired":true,"valueName":"search_term_string"}}],"inLanguage":"en-US"},{"@type":"Person","@id":"https:\/\/onlinemagyariskola.com\/web\/#\/schema\/person\/3a63b62405fd079fa87e0c469d1f4943","name":"Szonja Ollari-Homor","image":{"@type":"ImageObject","inLanguage":"en-US","@id":"https:\/\/onlinemagyariskola.com\/web\/#\/schema\/person\/image\/","url":"https:\/\/secure.gravatar.com\/avatar\/6c9f8a2389d6164b9ba622c45eb2b8029b5d047c9e16f90fe294163e7ee310e9?s=96&d=mm&r=g","contentUrl":"https:\/\/secure.gravatar.com\/avatar\/6c9f8a2389d6164b9ba622c45eb2b8029b5d047c9e16f90fe294163e7ee310e9?s=96&d=mm&r=g","caption":"Szonja Ollari-Homor"},"url":"https:\/\/onlinemagyariskola.com\/web\/blog\/author\/ollari-szonjaonlinemagyariskola-com"}]}},"_links":{"self":[{"href":"https:\/\/onlinemagyariskola.com\/web\/wp-json\/wp\/v2\/posts\/2936","targetHints":{"allow":["GET"]}}],"collection":[{"href":"https:\/\/onlinemagyariskola.com\/web\/wp-json\/wp\/v2\/posts"}],"about":[{"href":"https:\/\/onlinemagyariskola.com\/web\/wp-json\/wp\/v2\/types\/post"}],"author":[{"embeddable":true,"href":"https:\/\/onlinemagyariskola.com\/web\/wp-json\/wp\/v2\/users\/34"}],"replies":[{"embeddable":true,"href":"https:\/\/onlinemagyariskola.com\/web\/wp-json\/wp\/v2\/comments?post=2936"}],"version-history":[{"count":1,"href":"https:\/\/onlinemagyariskola.com\/web\/wp-json\/wp\/v2\/posts\/2936\/revisions"}],"predecessor-version":[{"id":2939,"href":"https:\/\/onlinemagyariskola.com\/web\/wp-json\/wp\/v2\/posts\/2936\/revisions\/2939"}],"wp:featuredmedia":[{"embeddable":true,"href":"https:\/\/onlinemagyariskola.com\/web\/wp-json\/wp\/v2\/media\/2937"}],"wp:attachment":[{"href":"https:\/\/onlinemagyariskola.com\/web\/wp-json\/wp\/v2\/media?parent=2936"}],"wp:term":[{"taxonomy":"category","embeddable":true,"href":"https:\/\/onlinemagyariskola.com\/web\/wp-json\/wp\/v2\/categories?post=2936"},{"taxonomy":"post_tag","embeddable":true,"href":"https:\/\/onlinemagyariskola.com\/web\/wp-json\/wp\/v2\/tags?post=2936"}],"curies":[{"name":"wp","href":"https:\/\/api.w.org\/{rel}","templated":true}]}}