{"id":2723,"date":"2021-01-17T22:41:12","date_gmt":"2021-01-18T02:41:12","guid":{"rendered":"https:\/\/onlinemagyariskola.com\/web\/?p=2723"},"modified":"2021-03-04T15:21:14","modified_gmt":"2021-03-04T19:21:14","slug":"ujabb-zeneovi-csoport-indul-az-omi-ban","status":"publish","type":"post","link":"https:\/\/onlinemagyariskola.com\/web\/blog\/ujabb-zeneovi-csoport-indul-az-omi-ban","title":{"rendered":"\u00dajabb Zeneovi csoport indul az OMI-ban"},"content":{"rendered":"\n<div class=\"wp-block-media-text alignwide has-media-on-the-right is-stacked-on-mobile\" style=\"grid-template-columns:auto 38%\"><figure class=\"wp-block-media-text__media\"><img decoding=\"async\" src=\"https:\/\/onlinemagyariskola.com\/web\/wp-content\/uploads\/2021\/01\/Zeneovi-Poster.png\" alt=\"\" class=\"wp-image-2724\"\/><\/figure><div class=\"wp-block-media-text__content\">\n<p>A 2021-es tavaszi f\u00e9l\u00e9vt\u0151l m\u00e1r k\u00e9t zeneovi csoporttal v\u00e1rjuk a legkisebbeket minden h\u00e9tf\u0151n! A 30 perces zen\u00e9s, mond\u00f3k\u00e1s foglalkoz\u00e1st 3-4 \u00e9ves kort\u00f3l aj\u00e1nljuk  olyan gyerekeknek, akik szeretnek \u00e9nekelni, zen\u00e9t hallgatni, t\u00e1ncolni, rajzolni, \u00e9s sz\u00edvesen vesznek r\u00e9szt kreativit\u00e1st fejleszt\u0151 foglalkoz\u00e1sokon.  <\/p>\n\n\n\n<p>Az \u00f3r\u00e1kat F\u00f6ldi Anita tan\u00edt\u00f3 \u00e9s \u00f3vodapedag\u00f3gus vezeti, aki Dr. Kokas Kl\u00e1ra zenepedag\u00f3gus, zenepszichol\u00f3gus m\u00f3dszer\u00e9t  alkalmazza \u00e9vek \u00f3ta.  A teljes figyelem, \u00e9s a zenei \u00e9lm\u00e9ny mozg\u00e1ss\u00e1 alak\u00edt\u00e1sa, az \u00e1tv\u00e1ltoz\u00e1sok nagyon er\u0151s bels\u0151 zenei \u00e9lm\u00e9nyt adnak, \u00e9s szem\u00e9lyis\u00e9gfejleszt\u0151 hat\u00e1ssal b\u00edrnak a gyermekekn\u00e9l. <\/p>\n\n\n\n<p>Az USA keleti parti id\u0151 szerinti 11:30-as csoportunkban m\u00e9g van p\u00e1r szabad hely. <\/p>\n<\/div><\/div>\n","protected":false},"excerpt":{"rendered":"<p>A 2021-es tavaszi f\u00e9l\u00e9vt\u0151l m\u00e1r k\u00e9t zeneovi csoporttal v\u00e1rjuk a [&hellip;]<\/p>\n","protected":false},"author":34,"featured_media":2731,"comment_status":"open","ping_status":"open","sticky":false,"template":"","format":"standard","meta":{"_exactmetrics_skip_tracking":false,"_exactmetrics_sitenote_active":false,"_exactmetrics_sitenote_note":"","_exactmetrics_sitenote_category":0,"footnotes":""},"categories":[20],"tags":[],"class_list":["post-2723","post","type-post","status-publish","format-standard","has-post-thumbnail","hentry","category-oktatas"],"acf":[],"yoast_head":"<!-- This site is optimized with the Yoast SEO plugin v26.9 - https:\/\/yoast.com\/product\/yoast-seo-wordpress\/ -->\n<title>\u00dajabb Zeneovi csoport indul az OMI-ban - Online Magyar Iskola<\/title>\n<meta name=\"robots\" content=\"index, follow, max-snippet:-1, max-image-preview:large, max-video-preview:-1\" \/>\n<link rel=\"canonical\" href=\"https:\/\/onlinemagyariskola.com\/web\/blog\/ujabb-zeneovi-csoport-indul-az-omi-ban\" \/>\n<meta property=\"og:locale\" content=\"en_US\" \/>\n<meta property=\"og:type\" content=\"article\" \/>\n<meta property=\"og:title\" content=\"\u00dajabb Zeneovi csoport indul az OMI-ban - Online Magyar Iskola\" \/>\n<meta property=\"og:description\" content=\"A 2021-es tavaszi f\u00e9l\u00e9vt\u0151l m\u00e1r k\u00e9t zeneovi csoporttal v\u00e1rjuk a [&hellip;]\" \/>\n<meta property=\"og:url\" content=\"https:\/\/onlinemagyariskola.com\/web\/blog\/ujabb-zeneovi-csoport-indul-az-omi-ban\" \/>\n<meta property=\"og:site_name\" content=\"Online Magyar Iskola\" \/>\n<meta property=\"article:published_time\" content=\"2021-01-18T02:41:12+00:00\" \/>\n<meta property=\"article:modified_time\" content=\"2021-03-04T19:21:14+00:00\" \/>\n<meta property=\"og:image\" content=\"https:\/\/onlinemagyariskola.com\/web\/wp-content\/uploads\/2021\/01\/Zeneovi-Poster1.png\" \/>\n\t<meta property=\"og:image:width\" content=\"942\" \/>\n\t<meta property=\"og:image:height\" content=\"619\" \/>\n\t<meta property=\"og:image:type\" content=\"image\/png\" \/>\n<meta name=\"author\" content=\"Szonja Ollari-Homor\" \/>\n<meta name=\"twitter:card\" content=\"summary_large_image\" \/>\n<meta name=\"twitter:label1\" content=\"Written by\" \/>\n\t<meta name=\"twitter:data1\" content=\"Szonja Ollari-Homor\" \/>\n\t<meta name=\"twitter:label2\" content=\"Est. reading time\" \/>\n\t<meta name=\"twitter:data2\" content=\"1 minute\" \/>\n<script type=\"application\/ld+json\" class=\"yoast-schema-graph\">{\"@context\":\"https:\/\/schema.org\",\"@graph\":[{\"@type\":\"Article\",\"@id\":\"https:\/\/onlinemagyariskola.com\/web\/blog\/ujabb-zeneovi-csoport-indul-az-omi-ban#article\",\"isPartOf\":{\"@id\":\"https:\/\/onlinemagyariskola.com\/web\/blog\/ujabb-zeneovi-csoport-indul-az-omi-ban\"},\"author\":{\"name\":\"Szonja Ollari-Homor\",\"@id\":\"https:\/\/onlinemagyariskola.com\/web\/#\/schema\/person\/3a63b62405fd079fa87e0c469d1f4943\"},\"headline\":\"\u00dajabb Zeneovi csoport indul az OMI-ban\",\"datePublished\":\"2021-01-18T02:41:12+00:00\",\"dateModified\":\"2021-03-04T19:21:14+00:00\",\"mainEntityOfPage\":{\"@id\":\"https:\/\/onlinemagyariskola.com\/web\/blog\/ujabb-zeneovi-csoport-indul-az-omi-ban\"},\"wordCount\":142,\"commentCount\":0,\"image\":{\"@id\":\"https:\/\/onlinemagyariskola.com\/web\/blog\/ujabb-zeneovi-csoport-indul-az-omi-ban#primaryimage\"},\"thumbnailUrl\":\"https:\/\/onlinemagyariskola.com\/web\/wp-content\/uploads\/2021\/01\/Zeneovi-Poster1.png\",\"articleSection\":[\"Oktat\u00e1s\"],\"inLanguage\":\"en-US\",\"potentialAction\":[{\"@type\":\"CommentAction\",\"name\":\"Comment\",\"target\":[\"https:\/\/onlinemagyariskola.com\/web\/blog\/ujabb-zeneovi-csoport-indul-az-omi-ban#respond\"]}]},{\"@type\":\"WebPage\",\"@id\":\"https:\/\/onlinemagyariskola.com\/web\/blog\/ujabb-zeneovi-csoport-indul-az-omi-ban\",\"url\":\"https:\/\/onlinemagyariskola.com\/web\/blog\/ujabb-zeneovi-csoport-indul-az-omi-ban\",\"name\":\"\u00dajabb Zeneovi csoport indul az OMI-ban - Online Magyar Iskola\",\"isPartOf\":{\"@id\":\"https:\/\/onlinemagyariskola.com\/web\/#website\"},\"primaryImageOfPage\":{\"@id\":\"https:\/\/onlinemagyariskola.com\/web\/blog\/ujabb-zeneovi-csoport-indul-az-omi-ban#primaryimage\"},\"image\":{\"@id\":\"https:\/\/onlinemagyariskola.com\/web\/blog\/ujabb-zeneovi-csoport-indul-az-omi-ban#primaryimage\"},\"thumbnailUrl\":\"https:\/\/onlinemagyariskola.com\/web\/wp-content\/uploads\/2021\/01\/Zeneovi-Poster1.png\",\"datePublished\":\"2021-01-18T02:41:12+00:00\",\"dateModified\":\"2021-03-04T19:21:14+00:00\",\"author\":{\"@id\":\"https:\/\/onlinemagyariskola.com\/web\/#\/schema\/person\/3a63b62405fd079fa87e0c469d1f4943\"},\"breadcrumb\":{\"@id\":\"https:\/\/onlinemagyariskola.com\/web\/blog\/ujabb-zeneovi-csoport-indul-az-omi-ban#breadcrumb\"},\"inLanguage\":\"en-US\",\"potentialAction\":[{\"@type\":\"ReadAction\",\"target\":[\"https:\/\/onlinemagyariskola.com\/web\/blog\/ujabb-zeneovi-csoport-indul-az-omi-ban\"]}]},{\"@type\":\"ImageObject\",\"inLanguage\":\"en-US\",\"@id\":\"https:\/\/onlinemagyariskola.com\/web\/blog\/ujabb-zeneovi-csoport-indul-az-omi-ban#primaryimage\",\"url\":\"https:\/\/onlinemagyariskola.com\/web\/wp-content\/uploads\/2021\/01\/Zeneovi-Poster1.png\",\"contentUrl\":\"https:\/\/onlinemagyariskola.com\/web\/wp-content\/uploads\/2021\/01\/Zeneovi-Poster1.png\",\"width\":942,\"height\":619},{\"@type\":\"BreadcrumbList\",\"@id\":\"https:\/\/onlinemagyariskola.com\/web\/blog\/ujabb-zeneovi-csoport-indul-az-omi-ban#breadcrumb\",\"itemListElement\":[{\"@type\":\"ListItem\",\"position\":1,\"name\":\"Home\",\"item\":\"https:\/\/onlinemagyariskola.com\/web\/\"},{\"@type\":\"ListItem\",\"position\":2,\"name\":\"\u00dajabb Zeneovi csoport indul az OMI-ban\"}]},{\"@type\":\"WebSite\",\"@id\":\"https:\/\/onlinemagyariskola.com\/web\/#website\",\"url\":\"https:\/\/onlinemagyariskola.com\/web\/\",\"name\":\"Online Magyar Iskola\",\"description\":\"Your SUPER-powered WP Engine Blog\",\"potentialAction\":[{\"@type\":\"SearchAction\",\"target\":{\"@type\":\"EntryPoint\",\"urlTemplate\":\"https:\/\/onlinemagyariskola.com\/web\/?s={search_term_string}\"},\"query-input\":{\"@type\":\"PropertyValueSpecification\",\"valueRequired\":true,\"valueName\":\"search_term_string\"}}],\"inLanguage\":\"en-US\"},{\"@type\":\"Person\",\"@id\":\"https:\/\/onlinemagyariskola.com\/web\/#\/schema\/person\/3a63b62405fd079fa87e0c469d1f4943\",\"name\":\"Szonja Ollari-Homor\",\"image\":{\"@type\":\"ImageObject\",\"inLanguage\":\"en-US\",\"@id\":\"https:\/\/onlinemagyariskola.com\/web\/#\/schema\/person\/image\/\",\"url\":\"https:\/\/secure.gravatar.com\/avatar\/6c9f8a2389d6164b9ba622c45eb2b8029b5d047c9e16f90fe294163e7ee310e9?s=96&d=mm&r=g\",\"contentUrl\":\"https:\/\/secure.gravatar.com\/avatar\/6c9f8a2389d6164b9ba622c45eb2b8029b5d047c9e16f90fe294163e7ee310e9?s=96&d=mm&r=g\",\"caption\":\"Szonja Ollari-Homor\"},\"url\":\"https:\/\/onlinemagyariskola.com\/web\/blog\/author\/ollari-szonjaonlinemagyariskola-com\"}]}<\/script>\n<!-- \/ Yoast SEO plugin. -->","yoast_head_json":{"title":"\u00dajabb Zeneovi csoport indul az OMI-ban - Online Magyar Iskola","robots":{"index":"index","follow":"follow","max-snippet":"max-snippet:-1","max-image-preview":"max-image-preview:large","max-video-preview":"max-video-preview:-1"},"canonical":"https:\/\/onlinemagyariskola.com\/web\/blog\/ujabb-zeneovi-csoport-indul-az-omi-ban","og_locale":"en_US","og_type":"article","og_title":"\u00dajabb Zeneovi csoport indul az OMI-ban - Online Magyar Iskola","og_description":"A 2021-es tavaszi f\u00e9l\u00e9vt\u0151l m\u00e1r k\u00e9t zeneovi csoporttal v\u00e1rjuk a [&hellip;]","og_url":"https:\/\/onlinemagyariskola.com\/web\/blog\/ujabb-zeneovi-csoport-indul-az-omi-ban","og_site_name":"Online Magyar Iskola","article_published_time":"2021-01-18T02:41:12+00:00","article_modified_time":"2021-03-04T19:21:14+00:00","og_image":[{"width":942,"height":619,"url":"https:\/\/onlinemagyariskola.com\/web\/wp-content\/uploads\/2021\/01\/Zeneovi-Poster1.png","type":"image\/png"}],"author":"Szonja Ollari-Homor","twitter_card":"summary_large_image","twitter_misc":{"Written by":"Szonja Ollari-Homor","Est. reading time":"1 minute"},"schema":{"@context":"https:\/\/schema.org","@graph":[{"@type":"Article","@id":"https:\/\/onlinemagyariskola.com\/web\/blog\/ujabb-zeneovi-csoport-indul-az-omi-ban#article","isPartOf":{"@id":"https:\/\/onlinemagyariskola.com\/web\/blog\/ujabb-zeneovi-csoport-indul-az-omi-ban"},"author":{"name":"Szonja Ollari-Homor","@id":"https:\/\/onlinemagyariskola.com\/web\/#\/schema\/person\/3a63b62405fd079fa87e0c469d1f4943"},"headline":"\u00dajabb Zeneovi csoport indul az OMI-ban","datePublished":"2021-01-18T02:41:12+00:00","dateModified":"2021-03-04T19:21:14+00:00","mainEntityOfPage":{"@id":"https:\/\/onlinemagyariskola.com\/web\/blog\/ujabb-zeneovi-csoport-indul-az-omi-ban"},"wordCount":142,"commentCount":0,"image":{"@id":"https:\/\/onlinemagyariskola.com\/web\/blog\/ujabb-zeneovi-csoport-indul-az-omi-ban#primaryimage"},"thumbnailUrl":"https:\/\/onlinemagyariskola.com\/web\/wp-content\/uploads\/2021\/01\/Zeneovi-Poster1.png","articleSection":["Oktat\u00e1s"],"inLanguage":"en-US","potentialAction":[{"@type":"CommentAction","name":"Comment","target":["https:\/\/onlinemagyariskola.com\/web\/blog\/ujabb-zeneovi-csoport-indul-az-omi-ban#respond"]}]},{"@type":"WebPage","@id":"https:\/\/onlinemagyariskola.com\/web\/blog\/ujabb-zeneovi-csoport-indul-az-omi-ban","url":"https:\/\/onlinemagyariskola.com\/web\/blog\/ujabb-zeneovi-csoport-indul-az-omi-ban","name":"\u00dajabb Zeneovi csoport indul az OMI-ban - Online Magyar Iskola","isPartOf":{"@id":"https:\/\/onlinemagyariskola.com\/web\/#website"},"primaryImageOfPage":{"@id":"https:\/\/onlinemagyariskola.com\/web\/blog\/ujabb-zeneovi-csoport-indul-az-omi-ban#primaryimage"},"image":{"@id":"https:\/\/onlinemagyariskola.com\/web\/blog\/ujabb-zeneovi-csoport-indul-az-omi-ban#primaryimage"},"thumbnailUrl":"https:\/\/onlinemagyariskola.com\/web\/wp-content\/uploads\/2021\/01\/Zeneovi-Poster1.png","datePublished":"2021-01-18T02:41:12+00:00","dateModified":"2021-03-04T19:21:14+00:00","author":{"@id":"https:\/\/onlinemagyariskola.com\/web\/#\/schema\/person\/3a63b62405fd079fa87e0c469d1f4943"},"breadcrumb":{"@id":"https:\/\/onlinemagyariskola.com\/web\/blog\/ujabb-zeneovi-csoport-indul-az-omi-ban#breadcrumb"},"inLanguage":"en-US","potentialAction":[{"@type":"ReadAction","target":["https:\/\/onlinemagyariskola.com\/web\/blog\/ujabb-zeneovi-csoport-indul-az-omi-ban"]}]},{"@type":"ImageObject","inLanguage":"en-US","@id":"https:\/\/onlinemagyariskola.com\/web\/blog\/ujabb-zeneovi-csoport-indul-az-omi-ban#primaryimage","url":"https:\/\/onlinemagyariskola.com\/web\/wp-content\/uploads\/2021\/01\/Zeneovi-Poster1.png","contentUrl":"https:\/\/onlinemagyariskola.com\/web\/wp-content\/uploads\/2021\/01\/Zeneovi-Poster1.png","width":942,"height":619},{"@type":"BreadcrumbList","@id":"https:\/\/onlinemagyariskola.com\/web\/blog\/ujabb-zeneovi-csoport-indul-az-omi-ban#breadcrumb","itemListElement":[{"@type":"ListItem","position":1,"name":"Home","item":"https:\/\/onlinemagyariskola.com\/web\/"},{"@type":"ListItem","position":2,"name":"\u00dajabb Zeneovi csoport indul az OMI-ban"}]},{"@type":"WebSite","@id":"https:\/\/onlinemagyariskola.com\/web\/#website","url":"https:\/\/onlinemagyariskola.com\/web\/","name":"Online Magyar Iskola","description":"Your SUPER-powered WP Engine Blog","potentialAction":[{"@type":"SearchAction","target":{"@type":"EntryPoint","urlTemplate":"https:\/\/onlinemagyariskola.com\/web\/?s={search_term_string}"},"query-input":{"@type":"PropertyValueSpecification","valueRequired":true,"valueName":"search_term_string"}}],"inLanguage":"en-US"},{"@type":"Person","@id":"https:\/\/onlinemagyariskola.com\/web\/#\/schema\/person\/3a63b62405fd079fa87e0c469d1f4943","name":"Szonja Ollari-Homor","image":{"@type":"ImageObject","inLanguage":"en-US","@id":"https:\/\/onlinemagyariskola.com\/web\/#\/schema\/person\/image\/","url":"https:\/\/secure.gravatar.com\/avatar\/6c9f8a2389d6164b9ba622c45eb2b8029b5d047c9e16f90fe294163e7ee310e9?s=96&d=mm&r=g","contentUrl":"https:\/\/secure.gravatar.com\/avatar\/6c9f8a2389d6164b9ba622c45eb2b8029b5d047c9e16f90fe294163e7ee310e9?s=96&d=mm&r=g","caption":"Szonja Ollari-Homor"},"url":"https:\/\/onlinemagyariskola.com\/web\/blog\/author\/ollari-szonjaonlinemagyariskola-com"}]}},"_links":{"self":[{"href":"https:\/\/onlinemagyariskola.com\/web\/wp-json\/wp\/v2\/posts\/2723","targetHints":{"allow":["GET"]}}],"collection":[{"href":"https:\/\/onlinemagyariskola.com\/web\/wp-json\/wp\/v2\/posts"}],"about":[{"href":"https:\/\/onlinemagyariskola.com\/web\/wp-json\/wp\/v2\/types\/post"}],"author":[{"embeddable":true,"href":"https:\/\/onlinemagyariskola.com\/web\/wp-json\/wp\/v2\/users\/34"}],"replies":[{"embeddable":true,"href":"https:\/\/onlinemagyariskola.com\/web\/wp-json\/wp\/v2\/comments?post=2723"}],"version-history":[{"count":4,"href":"https:\/\/onlinemagyariskola.com\/web\/wp-json\/wp\/v2\/posts\/2723\/revisions"}],"predecessor-version":[{"id":2732,"href":"https:\/\/onlinemagyariskola.com\/web\/wp-json\/wp\/v2\/posts\/2723\/revisions\/2732"}],"wp:featuredmedia":[{"embeddable":true,"href":"https:\/\/onlinemagyariskola.com\/web\/wp-json\/wp\/v2\/media\/2731"}],"wp:attachment":[{"href":"https:\/\/onlinemagyariskola.com\/web\/wp-json\/wp\/v2\/media?parent=2723"}],"wp:term":[{"taxonomy":"category","embeddable":true,"href":"https:\/\/onlinemagyariskola.com\/web\/wp-json\/wp\/v2\/categories?post=2723"},{"taxonomy":"post_tag","embeddable":true,"href":"https:\/\/onlinemagyariskola.com\/web\/wp-json\/wp\/v2\/tags?post=2723"}],"curies":[{"name":"wp","href":"https:\/\/api.w.org\/{rel}","templated":true}]}}